{"id":1597,"date":"2025-06-05T15:09:41","date_gmt":"2025-06-05T18:09:41","guid":{"rendered":"https:\/\/braffemam.com.br\/blog\/?p=1597"},"modified":"2025-06-05T15:12:02","modified_gmt":"2025-06-05T18:12:02","slug":"feira-expomafe-braffemam-2025","status":"publish","type":"post","link":"https:\/\/braffemam.com.br\/blog\/feira-expomafe-braffemam-2025\/","title":{"rendered":"A\u00a0presen\u00e7a da Braffemam na Expomafe 2025: inova\u00e7\u00e3o e tecnologia no setor de corte e conforma\u00e7\u00e3o"},"content":{"rendered":"\n<p style=\"font-size:14px\">Data de publica\u00e7\u00e3o: 05\/06\/2025<\/p>\n\n\n\n<p style=\"font-size:16px\">Dos dias 6 a 10 de maio, a Braffemam marcou presen\u00e7a na Expomafe 2025, uma das maiores feiras voltadas para o setor metalmec\u00e2nica. O evento, realizado em S\u00e3o Paulo, reuniu grandes nomes da ind\u00fastria e serviu como vitrine para o que h\u00e1 de mais avan\u00e7ado em automa\u00e7\u00e3o, usinagem e tecnologia de corte e conforma\u00e7\u00e3o de a\u00e7o.<\/p>\n\n\n\n<figure class=\"wp-block-image size-large\"><img loading=\"lazy\" decoding=\"async\" width=\"1024\" height=\"731\" src=\"https:\/\/braffemam.com.br\/blog\/wp-content\/uploads\/2025\/06\/equipe-braffemam-1024x731.jpeg\" alt=\"Equipe Braffemam\" class=\"wp-image-1599\" title=\"\" srcset=\"https:\/\/braffemam.com.br\/blog\/wp-content\/uploads\/2025\/06\/equipe-braffemam-1024x731.jpeg 1024w, https:\/\/braffemam.com.br\/blog\/wp-content\/uploads\/2025\/06\/equipe-braffemam-300x214.jpeg 300w, https:\/\/braffemam.com.br\/blog\/wp-content\/uploads\/2025\/06\/equipe-braffemam-768x549.jpeg 768w, https:\/\/braffemam.com.br\/blog\/wp-content\/uploads\/2025\/06\/equipe-braffemam-1536x1097.jpeg 1536w, https:\/\/braffemam.com.br\/blog\/wp-content\/uploads\/2025\/06\/equipe-braffemam-2048x1463.jpeg 2048w\" sizes=\"auto, (max-width: 1024px) 100vw, 1024px\" \/><figcaption class=\"wp-element-caption\">Figura 1 &#8211; Equipe Braffemam na Expomafe<\/figcaption><\/figure>\n\n\n\n<p style=\"font-size:16px\">A participa\u00e7\u00e3o da Braffemam teve como foco principal apresentar ao mercado suas novas solu\u00e7\u00f5es em tecnologia de conforma\u00e7\u00e3o de chapas met\u00e1licas, com destaque para duas novas linhas de equipamento que chamaram a aten\u00e7\u00e3o de visitantes e profissionais da \u00e1rea: a nova dobradeira, linha PSB que vem com o eixos, Y1, Y2, X, R, Z1, Z2 e W, conhecido como sistema de compensa\u00e7\u00e3o hidr\u00e1ulica do avental inferior. Essa linha vem com um visual sofisticado e um design inovador e moderno para o mercado.<\/p>\n\n\n\n<p style=\"font-size:16px\">J\u00e1 na linha de dobradeira PVH-n dobradeira CNC veio com um novo programa o Nia.Bend, um software inteligente desenvolvido para otimizar os processos de opera\u00e7\u00e3o e garantir mais precis\u00e3o nos resultados e com um design moderno que cont\u00e9m leds que interagem com a opera\u00e7\u00e3o realizada no equipamento.<\/p>\n\n\n\n<p style=\"font-size:16px\">A dobradeira da linha PSB com bombeatura se destacou por sua capacidade de corrigir automaticamente as deforma\u00e7\u00f5es em qualquer ponto da \u00e1rea de dobra, que ocorrem ao dobrar chapas de qualquer espessura. Com essa tecnologia, a m\u00e1quina garante pe\u00e7as com acabamento superior, maior repetibilidade e elimina a necessidade de ajustes manuais, o que reduz o tempo de produ\u00e7\u00e3o e melhora o desempenho final. Essa tecnologia representa um avan\u00e7o importante para as ind\u00fastrias que exigem precis\u00e3o em larga escala, sem abrir m\u00e3o da qualidade.<\/p>\n\n\n\n<figure class=\"wp-block-image size-large\"><img loading=\"lazy\" decoding=\"async\" width=\"1024\" height=\"1024\" src=\"https:\/\/braffemam.com.br\/blog\/wp-content\/uploads\/2025\/06\/dobradeira-psb-edited-1-1024x1024.jpg\" alt=\"dobradeira\" class=\"wp-image-1603\" title=\"\" srcset=\"https:\/\/braffemam.com.br\/blog\/wp-content\/uploads\/2025\/06\/dobradeira-psb-edited-1-1024x1024.jpg 1024w, https:\/\/braffemam.com.br\/blog\/wp-content\/uploads\/2025\/06\/dobradeira-psb-edited-1-300x300.jpg 300w, https:\/\/braffemam.com.br\/blog\/wp-content\/uploads\/2025\/06\/dobradeira-psb-edited-1-150x150.jpg 150w, https:\/\/braffemam.com.br\/blog\/wp-content\/uploads\/2025\/06\/dobradeira-psb-edited-1-768x768.jpg 768w, https:\/\/braffemam.com.br\/blog\/wp-content\/uploads\/2025\/06\/dobradeira-psb-edited-1-1536x1536.jpg 1536w, https:\/\/braffemam.com.br\/blog\/wp-content\/uploads\/2025\/06\/dobradeira-psb-edited-1-2048x2048.jpg 2048w\" sizes=\"auto, (max-width: 1024px) 100vw, 1024px\" \/><figcaption class=\"wp-element-caption\">Figura 2 &#8211; Dobradeira PSB 30135 CNC<\/figcaption><\/figure>\n\n\n\n<p style=\"font-size:16px\">J\u00e1 a linha PVH-n traz o software Nia.Bend que representa uma verdadeira revolu\u00e7\u00e3o nos apontamentos produtivos em dobradeiras. Com uma interface intuitiva, o software facilita a opera\u00e7\u00e3o, permitindo que os profissionais ajustem os par\u00e2metros de maneira r\u00e1pida e segura. Al\u00e9m disso, o Nia.Bend vem com o sistema de conex\u00e3o MQTT ou seja Wi-Fi, que possibilita ver o controle de produ\u00e7\u00e3o em tempo real, contribuindo diretamente para a produtividade e efici\u00eancia.<\/p>\n\n\n\n<figure class=\"wp-block-image size-large\"><img loading=\"lazy\" decoding=\"async\" width=\"2160\" height=\"2159\" src=\"https:\/\/braffemam.com.br\/blog\/wp-content\/uploads\/2025\/06\/dobradeira-pvh-n-edited.jpg\" alt=\"dobradeira\" class=\"wp-image-1606\" title=\"\" srcset=\"https:\/\/braffemam.com.br\/blog\/wp-content\/uploads\/2025\/06\/dobradeira-pvh-n-edited.jpg 2160w, https:\/\/braffemam.com.br\/blog\/wp-content\/uploads\/2025\/06\/dobradeira-pvh-n-edited-300x300.jpg 300w, https:\/\/braffemam.com.br\/blog\/wp-content\/uploads\/2025\/06\/dobradeira-pvh-n-edited-1024x1024.jpg 1024w, https:\/\/braffemam.com.br\/blog\/wp-content\/uploads\/2025\/06\/dobradeira-pvh-n-edited-150x150.jpg 150w, https:\/\/braffemam.com.br\/blog\/wp-content\/uploads\/2025\/06\/dobradeira-pvh-n-edited-768x768.jpg 768w, https:\/\/braffemam.com.br\/blog\/wp-content\/uploads\/2025\/06\/dobradeira-pvh-n-edited-1536x1536.jpg 1536w, https:\/\/braffemam.com.br\/blog\/wp-content\/uploads\/2025\/06\/dobradeira-pvh-n-edited-2048x2048.jpg 2048w\" sizes=\"auto, (max-width: 2160px) 100vw, 2160px\" \/><figcaption class=\"wp-element-caption\">Figura 3 &#8211; Dobradeira PVH-n 1660 CNC<\/figcaption><\/figure>\n\n\n\n<h2 class=\"wp-block-heading\" id=\"colisoes-na-matriz\" style=\"font-size:18px\"><strong>Tecnologia que aproxima e gera valor<\/strong><\/h2>\n\n\n\n<p style=\"font-size:16px\">Durante os cinco dias de evento, o estande da Braffemam recebeu centenas de visitantes, entre clientes, engenheiros, empres\u00e1rios, operadores. A resposta do p\u00fablico foi extremamente positiva, especialmente em rela\u00e7\u00e3o \u00e0 funcionalidade do software e \u00e0 robustez das novas m\u00e1quinas apresentadas. Muitos profissionais se mostraram interessados em conhecer melhor as tecnologias da Braffemam e iniciar parcerias com a empresa.<\/p>\n\n\n\n<figure class=\"wp-block-image size-large\"><img loading=\"lazy\" decoding=\"async\" width=\"2160\" height=\"2160\" src=\"https:\/\/braffemam.com.br\/blog\/wp-content\/uploads\/2025\/06\/visitantes-expomafe-edited.jpg\" alt=\"clientes expomafe\" class=\"wp-image-1608\" title=\"\" srcset=\"https:\/\/braffemam.com.br\/blog\/wp-content\/uploads\/2025\/06\/visitantes-expomafe-edited.jpg 2160w, https:\/\/braffemam.com.br\/blog\/wp-content\/uploads\/2025\/06\/visitantes-expomafe-edited-300x300.jpg 300w, https:\/\/braffemam.com.br\/blog\/wp-content\/uploads\/2025\/06\/visitantes-expomafe-edited-1024x1024.jpg 1024w, https:\/\/braffemam.com.br\/blog\/wp-content\/uploads\/2025\/06\/visitantes-expomafe-edited-150x150.jpg 150w, https:\/\/braffemam.com.br\/blog\/wp-content\/uploads\/2025\/06\/visitantes-expomafe-edited-768x768.jpg 768w, https:\/\/braffemam.com.br\/blog\/wp-content\/uploads\/2025\/06\/visitantes-expomafe-edited-1536x1536.jpg 1536w, https:\/\/braffemam.com.br\/blog\/wp-content\/uploads\/2025\/06\/visitantes-expomafe-edited-2048x2048.jpg 2048w\" sizes=\"auto, (max-width: 2160px) 100vw, 2160px\" \/><figcaption class=\"wp-element-caption\">Figura 4 &#8211; Clientes expomafe<\/figcaption><\/figure>\n\n\n\n<p style=\"font-size:16px\">Um dos diferenciais da Braffemam, \u00e9 a capacidade de personaliza\u00e7\u00e3o das m\u00e1quinas conforme a realidade de cada cliente, al\u00e9m do suporte t\u00e9cnico r\u00e1pido e eficiente. Em um setor onde muitas empresas priorizam apenas o volume, a Braffemam segue valorizando qualidade no atendimento e desenvolvendo seus pr\u00f3prios projetos, se destacando entre os concorrentes.<\/p>\n\n\n\n<p>Para conhecer mais sobre a linha de dobradeiras Braffemam, acesse o link abaixo:<\/p>\n\n\n\n<ul class=\"wp-block-list\">\n<li><a href=\"https:\/\/www.braffemam.com.br\/dobradeira-chapa-hidraulica\/\" data-type=\"link\" data-id=\"https:\/\/www.braffemam.com.br\/dobradeira-chapa-hidraulica\/\">Dobradeiras CNC Braffemam<\/a><\/li>\n<\/ul>\n\n\n\n<p style=\"font-size:16px\">A participa\u00e7\u00e3o da Braffemam na Expomafe 2025 foi, sem d\u00favida, um marco para a empresa. Mais do que apresentar os novos equipamentos, foi apresentado a vis\u00e3o de futuro, estando em constante inova\u00e7\u00e3o. Seguindo firmes com o prop\u00f3sito de oferecer solu\u00e7\u00f5es de corte e conforma\u00e7\u00e3o completas dentro do setor metal\u00fargico, sempre alinhados com as demandas da ind\u00fastria.<\/p>\n\n\n\n<p>Escrito por: Gabriel M.<\/p>\n\n\n\n<h3 class=\"wp-block-heading\">Referencias:<\/h3>\n\n\n\n<blockquote class=\"wp-block-quote is-layout-flow wp-block-quote-is-layout-flow\">\n<p><a href=\"https:\/\/www.expomafe.com.br\/pt\/home.html\" data-type=\"link\" data-id=\"https:\/\/www.expomafe.com.br\/pt\/home.html\" target=\"_blank\" rel=\"noopener\">Expomafe [Online]. &#8211; Expomafe, 05 de 06 de 2025. &#8211; 05 de 06 de 2025<\/a><\/p>\n\n\n\n<p><a href=\"https:\/\/avozdaindustria.com.br\/eventos\/aexpomafe\/confira-a-programacao-do-parque-de-ideias-da-expomafe-2025\/\" data-type=\"link\" data-id=\"https:\/\/avozdaindustria.com.br\/eventos\/aexpomafe\/confira-a-programacao-do-parque-de-ideias-da-expomafe-2025\/\" target=\"_blank\" rel=\"noopener\">A Voz da Industria [Online]. &#8211; A Voz da Industria, 05 de 06 de 2025. &#8211; 05 de 06 de 2025<\/a><\/p>\n\n\n\n<p><a href=\"https:\/\/abimaq.org.br\/feira\/812\/expomafe-2025\" data-type=\"link\" data-id=\"https:\/\/abimaq.org.br\/feira\/812\/expomafe-2025\" target=\"_blank\" rel=\"noopener\">ABIMAQ [Online]. \u2013 ABIMAQ, 05 de 06 de 2025. &#8211; 05 de 06 de 2025<\/a><\/p>\n<\/blockquote>\n","protected":false},"excerpt":{"rendered":"<p>Dos dias 6 a 10 de maio, a Braffemam marcou presen\u00e7a na Expomafe 2025, uma das maiores feiras voltadas para o setor metalmec\u00e2nica. <\/p>\n","protected":false},"author":1,"featured_media":1598,"comment_status":"open","ping_status":"open","sticky":false,"template":"","format":"standard","meta":{"_kad_post_transparent":"","_kad_post_title":"","_kad_post_layout":"","_kad_post_sidebar_id":"","_kad_post_content_style":"","_kad_post_vertical_padding":"","_kad_post_feature":"","_kad_post_feature_position":"","_kad_post_header":false,"_kad_post_footer":false,"_kad_post_classname":"","footnotes":""},"categories":[4],"tags":[42],"class_list":["post-1597","post","type-post","status-publish","format-standard","has-post-thumbnail","hentry","category-destaques","tag-dobradeira"],"_links":{"self":[{"href":"https:\/\/braffemam.com.br\/blog\/wp-json\/wp\/v2\/posts\/1597","targetHints":{"allow":["GET"]}}],"collection":[{"href":"https:\/\/braffemam.com.br\/blog\/wp-json\/wp\/v2\/posts"}],"about":[{"href":"https:\/\/braffemam.com.br\/blog\/wp-json\/wp\/v2\/types\/post"}],"author":[{"embeddable":true,"href":"https:\/\/braffemam.com.br\/blog\/wp-json\/wp\/v2\/users\/1"}],"replies":[{"embeddable":true,"href":"https:\/\/braffemam.com.br\/blog\/wp-json\/wp\/v2\/comments?post=1597"}],"version-history":[{"count":5,"href":"https:\/\/braffemam.com.br\/blog\/wp-json\/wp\/v2\/posts\/1597\/revisions"}],"predecessor-version":[{"id":1611,"href":"https:\/\/braffemam.com.br\/blog\/wp-json\/wp\/v2\/posts\/1597\/revisions\/1611"}],"wp:featuredmedia":[{"embeddable":true,"href":"https:\/\/braffemam.com.br\/blog\/wp-json\/wp\/v2\/media\/1598"}],"wp:attachment":[{"href":"https:\/\/braffemam.com.br\/blog\/wp-json\/wp\/v2\/media?parent=1597"}],"wp:term":[{"taxonomy":"category","embeddable":true,"href":"https:\/\/braffemam.com.br\/blog\/wp-json\/wp\/v2\/categories?post=1597"},{"taxonomy":"post_tag","embeddable":true,"href":"https:\/\/braffemam.com.br\/blog\/wp-json\/wp\/v2\/tags?post=1597"}],"curies":[{"name":"wp","href":"https:\/\/api.w.org\/{rel}","templated":true}]}}