{"id":1631,"date":"2026-01-30T11:58:47","date_gmt":"2026-01-30T14:58:47","guid":{"rendered":"https:\/\/braffemam.com.br\/blog\/?p=1631"},"modified":"2026-01-30T11:58:49","modified_gmt":"2026-01-30T14:58:49","slug":"tabela-de-fator-k-para-chapas-dobradas","status":"publish","type":"post","link":"https:\/\/braffemam.com.br\/blog\/tabela-de-fator-k-para-chapas-dobradas\/","title":{"rendered":"Tabela de Fator K para chapas Dobradas!"},"content":{"rendered":"\n<p>Neste artigo, vamos apresentar uma Tabela de Fator K e Raio Interno (Ri) para dobras em chapas met\u00e1licas e explicar os principais fen\u00f4menos que envolvem o processo de planifica\u00e7\u00e3o da chapa dobrada.<\/p>\n\n\n<div class=\"wp-block-image\">\n<figure class=\"aligncenter size-large\"><img loading=\"lazy\" decoding=\"async\" width=\"731\" height=\"1024\" src=\"https:\/\/braffemam.com.br\/blog\/wp-content\/uploads\/2026\/01\/Tabela-de-Fator-K-731x1024.jpg\" alt=\"Tabela de Fator K\" class=\"wp-image-1632\" title=\"\" srcset=\"https:\/\/braffemam.com.br\/blog\/wp-content\/uploads\/2026\/01\/Tabela-de-Fator-K-731x1024.jpg 731w, https:\/\/braffemam.com.br\/blog\/wp-content\/uploads\/2026\/01\/Tabela-de-Fator-K-214x300.jpg 214w, https:\/\/braffemam.com.br\/blog\/wp-content\/uploads\/2026\/01\/Tabela-de-Fator-K-768x1076.jpg 768w, https:\/\/braffemam.com.br\/blog\/wp-content\/uploads\/2026\/01\/Tabela-de-Fator-K-1097x1536.jpg 1097w, https:\/\/braffemam.com.br\/blog\/wp-content\/uploads\/2026\/01\/Tabela-de-Fator-K-1462x2048.jpg 1462w, https:\/\/braffemam.com.br\/blog\/wp-content\/uploads\/2026\/01\/Tabela-de-Fator-K-scaled.jpg 1828w\" sizes=\"auto, (max-width: 731px) 100vw, 731px\" \/><\/figure>\n<\/div>\n\n\n<div class=\"wp-block-rank-math-toc-block\" id=\"rank-math-toc\"><h2>Sum\u00e1rio<\/h2><nav><ul><li class=\"\"><a href=\"#o-que-e-o-fator-k\">O que \u00e9 o Fator K?<\/a><\/li><li class=\"\"><a href=\"#abas-dobradas\">Abas Dobradas<\/a><\/li><li class=\"\"><a href=\"#planificado\">Planificado<\/a><\/li><li class=\"\"><a href=\"#linha-neutra\">Linha Neutra<\/a><\/li><li class=\"\"><a href=\"#equacoes-da-literatura\">Equa\u00e7\u00f5es da Literatura<\/a><\/li><li class=\"\"><a href=\"#tabela-de-fator-k-para-dobras\">Tabela de Fator K para Dobras<\/a><\/li><li class=\"\"><a href=\"#tabela-de-fator-k-e-raio-interno\">Tabela de Fator K\u00a0e Raio Interno<\/a><\/li><li class=\"\"><a href=\"#referencial-teorico\">Referencial Te\u00f3rico<\/a><\/li><\/ul><\/nav><\/div>\n\n\n\n<h2 class=\"wp-block-heading\" id=\"o-que-e-o-fator-k\">O que \u00e9 o Fator K?<\/h2>\n\n\n\n<p>O <strong>Fator K<\/strong> \u00e9 uma constante que determina a posi\u00e7\u00e3o da <strong>linha neutra<\/strong> em rela\u00e7\u00e3o \u00e0 espessura da chapa no processo de dobra. Seu valor varia em fun\u00e7\u00e3o do quociente de dobra, do \u00e2ngulo formado e do material utilizado.<\/p>\n\n\n\n<p>Nos projetos de chapas met\u00e1licas, o Fator K est\u00e1 diretamente relacionado ao <strong>Raio Interno de Dobra (Ri)<\/strong>. A partir da combina\u00e7\u00e3o desses dois valores, \u00e9 poss\u00edvel calcular com precis\u00e3o o <strong>planificado<\/strong> da pe\u00e7a dobrada.<\/p>\n\n\n\n<h2 class=\"wp-block-heading\" id=\"abas-dobradas\">Abas Dobradas<\/h2>\n\n\n\n<p>As\u00a0<strong>abas<\/strong>\u00a0s\u00e3o as geometrias formadas ap\u00f3s o processo de dobramento de uma chapa. O comprimento de cada aba depende de fatores como a posi\u00e7\u00e3o da linha de dobra, o raio interno, o canal da ferramenta utilizada, a espessura da chapa e o material a ser conformado.<\/p>\n\n\n\n<p>A medi\u00e7\u00e3o pode ser feita a partir da\u00a0<strong>aba externa<\/strong>\u00a0ou da\u00a0<strong>aba interna<\/strong>. Na pr\u00e1tica, \u00e9 mais comum utilizar a aba externa, especialmente em dobras a 90\u00b0, pela maior facilidade de confer\u00eancia. J\u00e1 a aba interna costuma ser aplicada em pe\u00e7as com \u00e2ngulos diferentes de 90\u00b0.<\/p>\n\n\n\n<p>Durante os projetos em software CAD, o projetista define a utiliza\u00e7\u00e3o de abas internas ou externas. \u00c9 mais comum a utiliza\u00e7\u00e3o de abas externas devido a facilidade geral durante o projeto.<\/p>\n\n\n<div class=\"wp-block-image\">\n<figure class=\"aligncenter size-large\"><img loading=\"lazy\" decoding=\"async\" width=\"1024\" height=\"372\" src=\"https:\/\/braffemam.com.br\/blog\/wp-content\/uploads\/2026\/01\/Abas-Dobradas-1024x372.jpg\" alt=\"Abas Dobradas Dobra de Chapas\" class=\"wp-image-1634\" title=\"\" srcset=\"https:\/\/braffemam.com.br\/blog\/wp-content\/uploads\/2026\/01\/Abas-Dobradas-1024x372.jpg 1024w, https:\/\/braffemam.com.br\/blog\/wp-content\/uploads\/2026\/01\/Abas-Dobradas-300x109.jpg 300w, https:\/\/braffemam.com.br\/blog\/wp-content\/uploads\/2026\/01\/Abas-Dobradas-768x279.jpg 768w, https:\/\/braffemam.com.br\/blog\/wp-content\/uploads\/2026\/01\/Abas-Dobradas-1536x558.jpg 1536w, https:\/\/braffemam.com.br\/blog\/wp-content\/uploads\/2026\/01\/Abas-Dobradas-2048x744.jpg 2048w\" sizes=\"auto, (max-width: 1024px) 100vw, 1024px\" \/><figcaption class=\"wp-element-caption\">Figura 1 \u2013 Desenho t\u00e9cnico de chapas dobradas ao ar<\/figcaption><\/figure>\n<\/div>\n\n\n<p>Nos desenhos t\u00e9cnicos, \u00e9 poss\u00edvel encontrar tanto a medida da aba externa quanto da interna, conforme exemplificado na Figura 1. Porem \u00e9 mais comum o projeto e desenho t\u00e9cnico utilizando abas externadas, e nos \u00e2ngulos diferentes de 90\u00b0 o formato da cota \u00e9 conforme a Figura 2.<\/p>\n\n\n<div class=\"wp-block-image\">\n<figure class=\"aligncenter size-large\"><img loading=\"lazy\" decoding=\"async\" width=\"1024\" height=\"364\" src=\"https:\/\/braffemam.com.br\/blog\/wp-content\/uploads\/2026\/01\/Desenho-Tecnico-de-chapas-dobrada-1024x364.jpg\" alt=\"Desenho t\u00e9cnico das cotas\" class=\"wp-image-1635\" title=\"\" srcset=\"https:\/\/braffemam.com.br\/blog\/wp-content\/uploads\/2026\/01\/Desenho-Tecnico-de-chapas-dobrada-1024x364.jpg 1024w, https:\/\/braffemam.com.br\/blog\/wp-content\/uploads\/2026\/01\/Desenho-Tecnico-de-chapas-dobrada-300x107.jpg 300w, https:\/\/braffemam.com.br\/blog\/wp-content\/uploads\/2026\/01\/Desenho-Tecnico-de-chapas-dobrada-768x273.jpg 768w, https:\/\/braffemam.com.br\/blog\/wp-content\/uploads\/2026\/01\/Desenho-Tecnico-de-chapas-dobrada-1536x546.jpg 1536w, https:\/\/braffemam.com.br\/blog\/wp-content\/uploads\/2026\/01\/Desenho-Tecnico-de-chapas-dobrada-2048x729.jpg 2048w\" sizes=\"auto, (max-width: 1024px) 100vw, 1024px\" \/><figcaption class=\"wp-element-caption\">Figura 2 \u2013 Desenho t\u00e9cnico das cotas externas das chapas dobradas<\/figcaption><\/figure>\n<\/div>\n\n\n<h2 class=\"wp-block-heading\" id=\"planificado\">Planificado<\/h2>\n\n\n\n<p>O\u00a0<strong>planificado<\/strong>\u00a0\u00e9 a dimens\u00e3o da pe\u00e7a antes da dobra, ou seja, a quantidade de mat\u00e9ria-prima necess\u00e1ria para sua confec\u00e7\u00e3o. Durante o processo de dobramento, ocorre a forma\u00e7\u00e3o de raios que fazem com que o comprimento da pe\u00e7a dobrada seja diferente do comprimento da chapa plana, Figura 3.<\/p>\n\n\n\n<p>Com o avan\u00e7o das m\u00e1quinas de corte a laser e o aumento da complexidade das pe\u00e7as, a determina\u00e7\u00e3o precisa do planificado se tornou fundamental para garantir\u00a0<strong>efici\u00eancia e economia<\/strong>\u00a0na fabrica\u00e7\u00e3o.<\/p>\n\n\n<div class=\"wp-block-image\">\n<figure class=\"aligncenter size-large\"><img loading=\"lazy\" decoding=\"async\" width=\"1024\" height=\"492\" src=\"https:\/\/braffemam.com.br\/blog\/wp-content\/uploads\/2026\/01\/Planificado-1024x492.jpg\" alt=\"Planificado\" class=\"wp-image-1636\" title=\"\" srcset=\"https:\/\/braffemam.com.br\/blog\/wp-content\/uploads\/2026\/01\/Planificado-1024x492.jpg 1024w, https:\/\/braffemam.com.br\/blog\/wp-content\/uploads\/2026\/01\/Planificado-300x144.jpg 300w, https:\/\/braffemam.com.br\/blog\/wp-content\/uploads\/2026\/01\/Planificado-768x369.jpg 768w, https:\/\/braffemam.com.br\/blog\/wp-content\/uploads\/2026\/01\/Planificado-1536x737.jpg 1536w, https:\/\/braffemam.com.br\/blog\/wp-content\/uploads\/2026\/01\/Planificado-2048x983.jpg 2048w\" sizes=\"auto, (max-width: 1024px) 100vw, 1024px\" \/><figcaption class=\"wp-element-caption\">Figura 3 \u2013 Chapa dobrada planificada e dobrada<\/figcaption><\/figure>\n<\/div>\n\n\n<p>Al\u00e9m da metodologia do Fator K aqui apresentada, tamb\u00e9m existem outros m\u00e9todos para o c\u00e1lculo do planificado, como o uso de tabelas de dobra, toler\u00e2ncias e dedu\u00e7\u00f5es. No entanto, a abordagem baseada no Fator K \u00e9 considerada uma das mais\u00a0<strong>simples e exatas<\/strong>, sendo amplamente utilizada por engenheiros e projetistas.<\/p>\n\n\n\n<h2 class=\"wp-block-heading\" id=\"linha-neutra\"><strong>Linha Neutra<\/strong><\/h2>\n\n\n\n<p>A\u00a0<strong>linha neutra<\/strong>\u00a0\u00e9 a regi\u00e3o que separa as \u00e1reas de compress\u00e3o e tra\u00e7\u00e3o em uma chapa durante o dobramento. Nela, a tens\u00e3o \u00e9 nula, enquanto atinge valores m\u00e1ximos ao se aproximar das superf\u00edcies da chapa, Figura 4.<\/p>\n\n\n\n<p>Sua principal caracter\u00edstica \u00e9 que o comprimento da linha neutra\u00a0<strong>permanece inalterado<\/strong>\u00a0ap\u00f3s o processo de dobramento (GAUSMANN, 2017). Por isso, ela \u00e9 utilizada como refer\u00eancia no c\u00e1lculo do planificado, permitindo dimensionar corretamente a mat\u00e9ria-prima necess\u00e1ria.<\/p>\n\n\n\n<p>Durante a conforma\u00e7\u00e3o, a linha neutra se desloca em dire\u00e7\u00e3o \u00e0 regi\u00e3o comprimida (superf\u00edcie interna da chapa) devido \u00e0 deforma\u00e7\u00e3o pl\u00e1stica. Sua posi\u00e7\u00e3o pode ser expressa em fun\u00e7\u00e3o do\u00a0<strong>Fator K<\/strong>\u00a0(STEPHAN et al., 2011). Quanto maior o valor do Fator K, maior ser\u00e1 a \u00e1rea de compress\u00e3o da chapa. Na Figura 4 \u00e9 poss\u00edvel observar as regi\u00f5es da chapa dobrada, como \u00e1rea de compress\u00e3o, tra\u00e7\u00e3o e a linha neutra.<\/p>\n\n\n<div class=\"wp-block-image\">\n<figure class=\"aligncenter size-large\"><img loading=\"lazy\" decoding=\"async\" width=\"1024\" height=\"590\" src=\"https:\/\/braffemam.com.br\/blog\/wp-content\/uploads\/2026\/01\/Linha-Neutra-Dobra-1024x590.jpg\" alt=\"Linha Neutra\" class=\"wp-image-1640\" title=\"\" srcset=\"https:\/\/braffemam.com.br\/blog\/wp-content\/uploads\/2026\/01\/Linha-Neutra-Dobra-1024x590.jpg 1024w, https:\/\/braffemam.com.br\/blog\/wp-content\/uploads\/2026\/01\/Linha-Neutra-Dobra-300x173.jpg 300w, https:\/\/braffemam.com.br\/blog\/wp-content\/uploads\/2026\/01\/Linha-Neutra-Dobra-768x442.jpg 768w, https:\/\/braffemam.com.br\/blog\/wp-content\/uploads\/2026\/01\/Linha-Neutra-Dobra-1536x885.jpg 1536w, https:\/\/braffemam.com.br\/blog\/wp-content\/uploads\/2026\/01\/Linha-Neutra-Dobra-2048x1179.jpg 2048w\" sizes=\"auto, (max-width: 1024px) 100vw, 1024px\" \/><figcaption class=\"wp-element-caption\">Figura 4 \u2013 Linha neutra durante a conforma\u00e7\u00e3o de uma chapa dobrada ao ar<\/figcaption><\/figure>\n<\/div>\n\n\n<h2 class=\"wp-block-heading\" id=\"equacoes-da-literatura\"><strong>Equa\u00e7\u00f5es da Literatura<\/strong><\/h2>\n\n\n\n<p>As&nbsp;<strong>equa\u00e7\u00f5es cl\u00e1ssicas<\/strong>&nbsp;que definem o valor do&nbsp;<strong>Fator K<\/strong>&nbsp;a partir do&nbsp;<strong>Raio Interno de Dobra (Ri)<\/strong>&nbsp;podem ser representadas pela&nbsp;<em>Equa\u00e7\u00e3o 1<\/em>. No entanto, na pr\u00e1tica, muitas vezes o projetista n\u00e3o conhece previamente o valor do raio interno, o que pode dificultar o processo de c\u00e1lculo. Outro ponto importante \u00e9 que essas equa\u00e7\u00f5es mant\u00eam o Fator K&nbsp;<strong>fixo<\/strong>, sem considerar vari\u00e1veis como o&nbsp;<strong>quociente de dobra&nbsp;<\/strong>(rela\u00e7\u00e3o da abertura com a espessura), o&nbsp;<strong>\u00e2ngulo dobrado<\/strong>&nbsp;e o&nbsp;<strong>material da chapa<\/strong>.<\/p>\n\n\n\n<p>De acordo com essa formula\u00e7\u00e3o, quanto maior o Raio Interno, maior ser\u00e1 o valor do Fator K. Considera-se, por exemplo, que quando o raio interno \u00e9 igual \u00e0 espessura da chapa, o Fator K \u00e9 0,65, variando a partir da metade da rela\u00e7\u00e3o logar\u00edtmica entre o raio interno e a espessura:<\/p>\n\n\n\n<p><strong>Equa\u00e7\u00e3o 1:<\/strong><\/p>\n\n\n<div class=\"wp-block-image\">\n<figure class=\"aligncenter size-full is-resized\"><img loading=\"lazy\" decoding=\"async\" width=\"488\" height=\"149\" src=\"https:\/\/braffemam.com.br\/blog\/wp-content\/uploads\/2026\/01\/Equacao-Analitica-Fator-K.png\" alt=\"Equa\u00e7\u00e3o Anal\u00edtica Fator K\" class=\"wp-image-1642\" style=\"width:240px;height:auto\" title=\"\" srcset=\"https:\/\/braffemam.com.br\/blog\/wp-content\/uploads\/2026\/01\/Equacao-Analitica-Fator-K.png 488w, https:\/\/braffemam.com.br\/blog\/wp-content\/uploads\/2026\/01\/Equacao-Analitica-Fator-K-300x92.png 300w\" sizes=\"auto, (max-width: 488px) 100vw, 488px\" \/><\/figure>\n<\/div>\n\n\n<p>Onde,<\/p>\n\n\n\n<p><strong><strong>Ri<\/strong><\/strong> = Raio Interno de Dobra (mm)<br><strong><strong>e<\/strong><\/strong> = espessura (mm)<\/p>\n\n\n\n<h3 class=\"wp-block-heading\" id=\"regras-praticas-de-planificado\"><strong>Regras Pr\u00e1ticas de Planificado<\/strong><\/h3>\n\n\n\n<p>Com o passar dos anos, foram estabelecidas diversas\u00a0<strong>regras de bolso<\/strong>\u00a0para a determina\u00e7\u00e3o aproximada do\u00a0<strong>Fator K<\/strong>\u00a0e do\u00a0<strong>Raio Interno de Dobra<\/strong>. Uma das mais conhecidas \u00e9:<\/p>\n\n\n\n<ul class=\"wp-block-list\">\n<li>Fator K = 0,3<\/li>\n\n\n\n<li>Raio Interno = Espessura da chapa<\/li>\n<\/ul>\n\n\n\n<p>Durante os estudos do desenvolvimento da tabela de dobra, pudemos constatar que essa regra atende a grande parte dos casos de dobra, apresentando toler\u00e2ncias da ordem de\u00a0<strong>0,4 mm por dobra<\/strong>\u00a0para chapas de at\u00e9 3 mm e cerca de\u00a0<strong>3 mm por dobra<\/strong>\u00a0para chapas de at\u00e9 12,7 mm. Para muitos projetos, essa margem \u00e9 aceit\u00e1vel, permitindo a aplica\u00e7\u00e3o pr\u00e1tica dessa regra simples.<\/p>\n\n\n\n<h3 class=\"wp-block-heading\" id=\"regras-praticas-de-dobra\"><strong>Regras Pr\u00e1ticas de Dobra<\/strong><\/h3>\n\n\n\n<p>Grande parte da produ\u00e7\u00e3o nacional de chapas dobradas \u00e9 realizada pelo m\u00e9todo da\u00a0<strong>dobra no risco<\/strong>, sem a utiliza\u00e7\u00e3o do encosto traseiro. Para dobras de 90\u00b0, a regra abaixo \u00e9 amplamente utilizada, apresentando toler\u00e2ncias em torno de\u00a0<strong>1 mm<\/strong>:<\/p>\n\n\n\n<p>Equa\u00e7\u00e3o pr\u00e1tica:<\/p>\n\n\n\n<p class=\"has-text-align-center\"><strong>Planificado = Aba Externa \u2013 espessura<\/strong><\/p>\n\n\n\n<p>Com essa equa\u00e7\u00e3o, tamb\u00e9m \u00e9 poss\u00edvel obter bons resultados para o c\u00e1lculo do planificado em dobras de 90\u00b0.<\/p>\n\n\n\n<h2 class=\"wp-block-heading\" id=\"tabela-de-fator-k-para-dobras\"><strong>Tabela de Fator K para Dobras<\/strong><\/h2>\n\n\n\n<p>Com o objetivo de\u00a0<strong>aumentar a qualidade t\u00e9cnica dos projetos de chapas dobradas<\/strong>, a\u00a0<strong>Braffemam<\/strong>\u00a0desenvolveu uma\u00a0<strong>tabela exclusiva<\/strong>\u00a0que re\u00fane as principais informa\u00e7\u00f5es para projetistas e engenheiros.<\/p>\n\n\n\n<p>Nela, \u00e9 poss\u00edvel encontrar a defini\u00e7\u00e3o do\u00a0<strong>Raio Interno de Dobra<\/strong>\u00a0e do\u00a0<strong>Fator K<\/strong>\u00a0em fun\u00e7\u00e3o de vari\u00e1veis como\u00a0<strong>espessura da chapa, material, canal utilizado e \u00e2ngulo de dobra<\/strong>, entre outros par\u00e2metros relevantes.<\/p>\n\n\n\n<p>O desenvolvimento de equa\u00e7\u00f5es anal\u00edticas para representar com precis\u00e3o o Raio Interno de Dobra e o Fator K \u00e9 um desafio, pois a geometria formada durante a conforma\u00e7\u00e3o n\u00e3o corresponde exatamente a um arco de c\u00edrculo, mas sim a uma\u00a0<strong>par\u00e1bola<\/strong>\u00a0(Kucarz, 2024). Isso torna necess\u00e1ria a utiliza\u00e7\u00e3o de aproxima\u00e7\u00f5es geom\u00e9tricas, que dificultam a formula\u00e7\u00e3o de modelos matem\u00e1ticos exatos.<\/p>\n\n\n\n<p>Diante dessa limita\u00e7\u00e3o, optou-se pelo desenvolvimento de\u00a0<strong>testes pr\u00e1ticos<\/strong>\u00a0para determinar valores de Fator K e Raio Interno, alcan\u00e7ando previs\u00f5es mais precisas e confi\u00e1veis do que as obtidas apenas por m\u00e9todos anal\u00edticos.<\/p>\n\n\n\n<h3 class=\"wp-block-heading\" id=\"metodologia\"><strong>Metodologia<\/strong><\/h3>\n\n\n\n<p>O processo de dobramento ao ar apresenta incertezas relacionadas ao\u00a0<strong>alinhamento pun\u00e7\u00e3o\u2013matriz<\/strong>, \u00e0\u00a0<strong>geometria das ferramentas<\/strong>\u00a0e ao\u00a0<strong>esquadro da pe\u00e7a durante a dobra<\/strong>. Esses fatores dificultam medi\u00e7\u00f5es confi\u00e1veis utilizando unicamente instrumentos cl\u00e1ssicos como paqu\u00edmetro ou micr\u00f4metro e podem gerar erros dimensionais.<\/p>\n\n\n\n<p>Para superar essas limita\u00e7\u00f5es, foi projetada e constru\u00edda uma\u00a0<strong>ferramenta exclusiva<\/strong>, Figura 5, inspirada em conceitos de estamparia e usinada em centro de usinagem de alta precis\u00e3o. Essa solu\u00e7\u00e3o permite utiliza\u00e7\u00e3o em diferentes dobradeiras e garante maior controle sobre o alinhamento do setup, reduzindo significativamente as incertezas do processo.<\/p>\n\n\n<div class=\"wp-block-image\">\n<figure class=\"aligncenter size-large\"><img loading=\"lazy\" decoding=\"async\" width=\"1024\" height=\"492\" src=\"https:\/\/braffemam.com.br\/blog\/wp-content\/uploads\/2026\/01\/Ferramenta-de-dobra-Fator-K-1024x492.jpg\" alt=\"Ferramenta de dobra - Fator K\" class=\"wp-image-1644\" title=\"\" srcset=\"https:\/\/braffemam.com.br\/blog\/wp-content\/uploads\/2026\/01\/Ferramenta-de-dobra-Fator-K-1024x492.jpg 1024w, https:\/\/braffemam.com.br\/blog\/wp-content\/uploads\/2026\/01\/Ferramenta-de-dobra-Fator-K-300x144.jpg 300w, https:\/\/braffemam.com.br\/blog\/wp-content\/uploads\/2026\/01\/Ferramenta-de-dobra-Fator-K-768x369.jpg 768w, https:\/\/braffemam.com.br\/blog\/wp-content\/uploads\/2026\/01\/Ferramenta-de-dobra-Fator-K-1536x737.jpg 1536w, https:\/\/braffemam.com.br\/blog\/wp-content\/uploads\/2026\/01\/Ferramenta-de-dobra-Fator-K-2048x983.jpg 2048w\" sizes=\"auto, (max-width: 1024px) 100vw, 1024px\" \/><figcaption class=\"wp-element-caption\">Figura 5 \u2013 Ferramenta utilizada durante o desenvolvimento do Fator K para dobras<\/figcaption><\/figure>\n<\/div>\n\n\n<p>O encosto da chapa, Figura 6, foi realizado por um batente preso diretamente na matriz, e quando necess\u00e1rio, foi adicionado um cal\u00e7o entre o batente e a matriz.<\/p>\n\n\n\n<figure class=\"wp-block-image size-large\"><img loading=\"lazy\" decoding=\"async\" width=\"1024\" height=\"492\" src=\"https:\/\/braffemam.com.br\/blog\/wp-content\/uploads\/2026\/01\/Fator-K-para-dobra-1024x492.jpg\" alt=\"Fator K\" class=\"wp-image-1646\" title=\"\" srcset=\"https:\/\/braffemam.com.br\/blog\/wp-content\/uploads\/2026\/01\/Fator-K-para-dobra-1024x492.jpg 1024w, https:\/\/braffemam.com.br\/blog\/wp-content\/uploads\/2026\/01\/Fator-K-para-dobra-300x144.jpg 300w, https:\/\/braffemam.com.br\/blog\/wp-content\/uploads\/2026\/01\/Fator-K-para-dobra-768x369.jpg 768w, https:\/\/braffemam.com.br\/blog\/wp-content\/uploads\/2026\/01\/Fator-K-para-dobra-1536x737.jpg 1536w, https:\/\/braffemam.com.br\/blog\/wp-content\/uploads\/2026\/01\/Fator-K-para-dobra-2048x983.jpg 2048w\" sizes=\"auto, (max-width: 1024px) 100vw, 1024px\" \/><figcaption class=\"wp-element-caption\">Figura 6 \u2013 Processo de medi\u00e7\u00e3o de uma chapa dobrada ao ar atrav\u00e9s de um riscador de altura<\/figcaption><\/figure>\n\n\n\n<h3 class=\"wp-block-heading\" id=\"medicao-das-abas\"><strong>Medi\u00e7\u00e3o das Abas<\/strong><\/h3>\n\n\n\n<p>A medi\u00e7\u00e3o das\u00a0<strong>abas externas dobradas a 90\u00b0<\/strong>\u00a0foi realizada em uma mesa de desempeno\u00a0<em>Starrett<\/em>, utilizando um tra\u00e7ador de altura\u00a0<em>Mitutoyo<\/em>, conforme apresentado na Figura 7. O \u00e2ngulo da dobra foi verificado com um goni\u00f4metro de precis\u00e3o\u00a0<em>Digimess<\/em>.<\/p>\n\n\n<div class=\"wp-block-image\">\n<figure class=\"aligncenter size-large\"><img loading=\"lazy\" decoding=\"async\" width=\"1024\" height=\"509\" src=\"https:\/\/braffemam.com.br\/blog\/wp-content\/uploads\/2026\/01\/Figura-7-1024x509.jpg\" alt=\"Medi\u00e7\u00e3o de Aba Dobrada\" class=\"wp-image-1647\" title=\"\" srcset=\"https:\/\/braffemam.com.br\/blog\/wp-content\/uploads\/2026\/01\/Figura-7-1024x509.jpg 1024w, https:\/\/braffemam.com.br\/blog\/wp-content\/uploads\/2026\/01\/Figura-7-300x149.jpg 300w, https:\/\/braffemam.com.br\/blog\/wp-content\/uploads\/2026\/01\/Figura-7-768x382.jpg 768w, https:\/\/braffemam.com.br\/blog\/wp-content\/uploads\/2026\/01\/Figura-7.jpg 1126w\" sizes=\"auto, (max-width: 1024px) 100vw, 1024px\" \/><figcaption class=\"wp-element-caption\">Figura 7 \u2013 Processo de medi\u00e7\u00e3o de uma chapa dobrada ao ar atrav\u00e9s de um riscador de altura<\/figcaption><\/figure>\n<\/div>\n\n\n<p>Para as\u00a0<strong>abas externas dobradas em \u00e2ngulos de 60\u00b0, 120\u00b0, 135\u00b0 e 150\u00b0<\/strong>, foi desenvolvido um\u00a0<strong>gabarito espec\u00edfico<\/strong>, Figura 8. Com base no princ\u00edpio da interpola\u00e7\u00e3o, foram usinadas pe\u00e7as com aberturas correspondentes aos \u00e2ngulos internos citados, possibilitando o encaixe das chapas dobradas.<\/p>\n\n\n\n<p>O gabarito cont\u00e9m uma aba com medida de refer\u00eancia conhecida. Ao apoiar a pe\u00e7a dobrada sobre o gabarito, torna-se poss\u00edvel comparar as dimens\u00f5es da aba da chapa com a aba de refer\u00eancia, assegurando maior confiabilidade na medi\u00e7\u00e3o.<\/p>\n\n\n<div class=\"wp-block-image\">\n<figure class=\"aligncenter size-large\"><img loading=\"lazy\" decoding=\"async\" width=\"1024\" height=\"952\" src=\"https:\/\/braffemam.com.br\/blog\/wp-content\/uploads\/2026\/01\/Gabarito-de-medicao-para-dobra-1024x952.jpg\" alt=\"Gabarito para medi\u00e7\u00e3o de aba dobrada\" class=\"wp-image-1649\" title=\"\" srcset=\"https:\/\/braffemam.com.br\/blog\/wp-content\/uploads\/2026\/01\/Gabarito-de-medicao-para-dobra-1024x952.jpg 1024w, https:\/\/braffemam.com.br\/blog\/wp-content\/uploads\/2026\/01\/Gabarito-de-medicao-para-dobra-300x279.jpg 300w, https:\/\/braffemam.com.br\/blog\/wp-content\/uploads\/2026\/01\/Gabarito-de-medicao-para-dobra-768x714.jpg 768w, https:\/\/braffemam.com.br\/blog\/wp-content\/uploads\/2026\/01\/Gabarito-de-medicao-para-dobra-1536x1428.jpg 1536w, https:\/\/braffemam.com.br\/blog\/wp-content\/uploads\/2026\/01\/Gabarito-de-medicao-para-dobra-2048x1905.jpg 2048w\" sizes=\"auto, (max-width: 1024px) 100vw, 1024px\" \/><figcaption class=\"wp-element-caption\">Figura 8 \u2013 Medi\u00e7\u00e3o de abas externas de chapas dobradas utilizando gabarito<\/figcaption><\/figure>\n<\/div>\n\n\n<h3 class=\"wp-block-heading\" id=\"calculo-do-ri-e-do-planificado\"><strong>C\u00e1lculo do Ri e do Planificado<\/strong><\/h3>\n\n\n\n<p>Para determinar a posi\u00e7\u00e3o em que se iniciava a deforma\u00e7\u00e3o pl\u00e1stica da chapa dobrada (Raio Interno), foi utilizado um esquadro sobreposto \u00e0 pe\u00e7a. A marca\u00e7\u00e3o foi feita no ponto em que a superf\u00edcie deixava de ser plana e passava a apresentar curvatura, definido como a tangente entre o raio interno e a aba dobrada. A marca\u00e7\u00e3o foi realizada em ambos os lados da pe\u00e7a (conforme apresentado na Figura 9),e, a partir desses pontos, utilizou-se um paqu\u00edmetro para medir a corda do semic\u00edrculo.<\/p>\n\n\n\n<figure class=\"wp-block-image size-large\"><img loading=\"lazy\" decoding=\"async\" width=\"1024\" height=\"492\" src=\"https:\/\/braffemam.com.br\/blog\/wp-content\/uploads\/2026\/01\/Medicao-do-Raio-Interno-1024x492.jpg\" alt=\"Raio Interno\" class=\"wp-image-1651\" title=\"\" srcset=\"https:\/\/braffemam.com.br\/blog\/wp-content\/uploads\/2026\/01\/Medicao-do-Raio-Interno-1024x492.jpg 1024w, https:\/\/braffemam.com.br\/blog\/wp-content\/uploads\/2026\/01\/Medicao-do-Raio-Interno-300x144.jpg 300w, https:\/\/braffemam.com.br\/blog\/wp-content\/uploads\/2026\/01\/Medicao-do-Raio-Interno-768x369.jpg 768w, https:\/\/braffemam.com.br\/blog\/wp-content\/uploads\/2026\/01\/Medicao-do-Raio-Interno-1536x737.jpg 1536w, https:\/\/braffemam.com.br\/blog\/wp-content\/uploads\/2026\/01\/Medicao-do-Raio-Interno-2048x983.jpg 2048w\" sizes=\"auto, (max-width: 1024px) 100vw, 1024px\" \/><figcaption class=\"wp-element-caption\">Figura 9 \u2013 Processo de medi\u00e7\u00e3o do Raio interno atreves do m\u00e9todo de corda e do \u00e2ngulo interno<\/figcaption><\/figure>\n\n\n\n<p>O\u00a0<strong>Raio Interno de Dobra (Ri)<\/strong>\u00a0foi obtido a partir da medi\u00e7\u00e3o da corda do arco formado na regi\u00e3o de conforma\u00e7\u00e3o pl\u00e1stica, conforme a rela\u00e7\u00e3o:<\/p>\n\n\n\n<p><strong>Equa\u00e7\u00e3o 2:<\/strong><\/p>\n\n\n<div class=\"wp-block-image\">\n<figure class=\"aligncenter size-full is-resized\"><img loading=\"lazy\" decoding=\"async\" width=\"356\" height=\"191\" src=\"https:\/\/braffemam.com.br\/blog\/wp-content\/uploads\/2026\/01\/Equacao-da-Corda-e-do-Raio-Interno-Semicirculo.png\" alt=\"Equa\u00e7\u00e3o do Ri\" class=\"wp-image-1652\" style=\"aspect-ratio:1.863908546543277;width:160px;height:auto\" title=\"\" srcset=\"https:\/\/braffemam.com.br\/blog\/wp-content\/uploads\/2026\/01\/Equacao-da-Corda-e-do-Raio-Interno-Semicirculo.png 356w, https:\/\/braffemam.com.br\/blog\/wp-content\/uploads\/2026\/01\/Equacao-da-Corda-e-do-Raio-Interno-Semicirculo-300x161.png 300w\" sizes=\"auto, (max-width: 356px) 100vw, 356px\" \/><\/figure>\n<\/div>\n\n\n<p>Onde,<\/p>\n\n\n\n<p><strong>Ri\u00a0<\/strong>= Raio Interno de Dobra (mm)<br><strong>Corda\u00a0<\/strong>= Corda do Semic\u00edrculo (mm)<br><strong>\u03b1<\/strong>\u00a0= \u00c2ngulo de dobra Interno (\u00b0)<\/p>\n\n\n\n<p>Para o c\u00e1lculo do\u00a0<strong>planificado<\/strong>, foram utilizadas as rela\u00e7\u00f5es geom\u00e9tricas do semic\u00edrculo somadas ao comprimento reto da chapa. A Figura 9 apesenta a geometria e dedu\u00e7\u00e3o do c\u00e1lculo do planificado, considerando a medida da\u00a0<strong>aba externa<\/strong>\u00a0da dobra:<\/p>\n\n\n<div class=\"wp-block-image\">\n<figure class=\"aligncenter size-large\"><img loading=\"lazy\" decoding=\"async\" width=\"1024\" height=\"765\" src=\"https:\/\/braffemam.com.br\/blog\/wp-content\/uploads\/2026\/01\/Deducao-da-Linha-Neutra-Planificado-Fator-K-1024x765.jpg\" alt=\"Dedu\u00e7\u00e3o da Linha Neutra\" class=\"wp-image-1653\" title=\"\" srcset=\"https:\/\/braffemam.com.br\/blog\/wp-content\/uploads\/2026\/01\/Deducao-da-Linha-Neutra-Planificado-Fator-K-1024x765.jpg 1024w, https:\/\/braffemam.com.br\/blog\/wp-content\/uploads\/2026\/01\/Deducao-da-Linha-Neutra-Planificado-Fator-K-300x224.jpg 300w, https:\/\/braffemam.com.br\/blog\/wp-content\/uploads\/2026\/01\/Deducao-da-Linha-Neutra-Planificado-Fator-K-768x574.jpg 768w, https:\/\/braffemam.com.br\/blog\/wp-content\/uploads\/2026\/01\/Deducao-da-Linha-Neutra-Planificado-Fator-K-1536x1148.jpg 1536w, https:\/\/braffemam.com.br\/blog\/wp-content\/uploads\/2026\/01\/Deducao-da-Linha-Neutra-Planificado-Fator-K-2048x1530.jpg 2048w\" sizes=\"auto, (max-width: 1024px) 100vw, 1024px\" \/><figcaption class=\"wp-element-caption\">Figura 10 \u2013 Dedu\u00e7\u00e3o da linha neutra e planificado em chapas dobradas ao Ar<\/figcaption><\/figure>\n<\/div>\n\n\n<p><strong>Equa\u00e7\u00f5es 3:<\/strong><\/p>\n\n\n<div class=\"wp-block-image\">\n<figure class=\"aligncenter size-full is-resized\"><img loading=\"lazy\" decoding=\"async\" width=\"746\" height=\"539\" src=\"https:\/\/braffemam.com.br\/blog\/wp-content\/uploads\/2026\/01\/Equacao-do-planificado-de-chapa-dobrada.png\" alt=\"Equa\u00e7\u00e3o do planificado\" class=\"wp-image-1654\" style=\"aspect-ratio:1.3840729719239229;width:285px;height:auto\" title=\"\" srcset=\"https:\/\/braffemam.com.br\/blog\/wp-content\/uploads\/2026\/01\/Equacao-do-planificado-de-chapa-dobrada.png 746w, https:\/\/braffemam.com.br\/blog\/wp-content\/uploads\/2026\/01\/Equacao-do-planificado-de-chapa-dobrada-300x217.png 300w\" sizes=\"auto, (max-width: 746px) 100vw, 746px\" \/><\/figure>\n<\/div>\n\n\n<p style=\"margin-top:0;margin-bottom:0\"><strong>Pr\u00a0<\/strong>= Per\u00edmetro da Linha Neutra (mm)<\/p>\n\n\n\n<p style=\"margin-top:0;margin-bottom:0\"><strong>Ri\u00a0<\/strong>= Raio Interno (mm)<\/p>\n\n\n\n<p style=\"margin-top:0;margin-bottom:0\"><strong>K\u00a0<\/strong>=Fator K<\/p>\n\n\n\n<p style=\"margin-top:0;margin-bottom:0\"><strong>\u03b1<\/strong>\u00a0= \u00c2ngulo de dobra Interno (\u00b0)<\/p>\n\n\n\n<p style=\"margin-top:0;margin-bottom:0\"><strong>e<\/strong>= Espessura da chapa (mm)<\/p>\n\n\n\n<p style=\"margin-top:0;margin-bottom:0\"><strong>Aa<\/strong>\u00a0= Aba Anterior ao Raio (mm)<br><strong>ABAe<\/strong>\u00a0= Aba Externa (mm)<br><strong>P<\/strong>\u00a0= Planificado da Dobra (mm)<br><strong>Pl\u00a0<\/strong>= Per\u00edmetro do Semic\u00edrculo formado na altura da linha neutra (mm)<br><\/p>\n\n\n\n<p>A partir da rela\u00e7\u00e3o acima, \u00e9 poss\u00edvel isolar o Fator K em fun\u00e7\u00e3o das demais vari\u00e1veis, conforme equa\u00e7\u00e3o 4. Assim, o\u00a0<strong>Fator K<\/strong>\u00a0pode ser calculado com base nas vari\u00e1veis conhecidas do processo.<\/p>\n\n\n\n<p><strong>Equa\u00e7\u00e3o 4:<\/strong><\/p>\n\n\n<div class=\"wp-block-image\">\n<figure class=\"aligncenter size-large is-resized\"><img loading=\"lazy\" decoding=\"async\" width=\"1024\" height=\"511\" src=\"https:\/\/braffemam.com.br\/blog\/wp-content\/uploads\/2026\/01\/Equacao-do-Fator-K-1024x511.png\" alt=\"Equa\u00e7\u00e3o do Fator K\" class=\"wp-image-1656\" style=\"aspect-ratio:2.0039338734604035;width:380px;height:auto\" title=\"\" srcset=\"https:\/\/braffemam.com.br\/blog\/wp-content\/uploads\/2026\/01\/Equacao-do-Fator-K-1024x511.png 1024w, https:\/\/braffemam.com.br\/blog\/wp-content\/uploads\/2026\/01\/Equacao-do-Fator-K-300x150.png 300w, https:\/\/braffemam.com.br\/blog\/wp-content\/uploads\/2026\/01\/Equacao-do-Fator-K-768x383.png 768w, https:\/\/braffemam.com.br\/blog\/wp-content\/uploads\/2026\/01\/Equacao-do-Fator-K.png 1036w\" sizes=\"auto, (max-width: 1024px) 100vw, 1024px\" \/><\/figure>\n<\/div>\n\n\n<p>O valor do Fator K depende diretamente do resultado do Raio Interno de Dobra (Ri\u200b). A metodologia de medi\u00e7\u00e3o do raio pode apresentar pequenos desvios devido \u00e0 sua complexidade t\u00e9cnica. Entretanto, como a equa\u00e7\u00e3o do Fator K considera o\u00a0<strong>planificado real da chapa antes da dobra<\/strong>, ela compensa eventuais imprecis\u00f5es na medi\u00e7\u00e3o do raio.<\/p>\n\n\n\n<p>Dessa forma, o\u00a0<strong>conjunto Ri + Fator K<\/strong>\u00a0garante o c\u00e1lculo preciso do planificado. Trabalhar essas vari\u00e1veis de forma independente pode levar a erros; portanto, elas devem sempre ser consideradas em conjunto para representar corretamente a geometria da dobra.<\/p>\n\n\n\n<h2 class=\"wp-block-heading\" id=\"tabela-de-fator-k-e-raio-interno\"><strong>Tabela de Fator K\u00a0e Raio Interno<\/strong><\/h2>\n\n\n\n<p>A\u00a0<strong>tabela de Fator K<\/strong>\u00a0foi elaborada a partir das medi\u00e7\u00f5es realizadas ap\u00f3s o dobramento das chapas em diferentes setups. Ao todo, o processo envolveu\u00a0<strong>277 setups de dobra<\/strong>, resultando em mais de\u00a0<strong>1.385 corpos de prova<\/strong>\u00a0analisados.<\/p>\n\n\n\n<p>As vari\u00e1veis identificadas como principais influenciadoras na forma\u00e7\u00e3o da aba foram a\u00a0<strong>Espessura da Chapa, Canal da Matriz e \u00c2ngulo do Dobra.<\/strong><\/p>\n\n\n\n<p>A Tabela de Fator K foi organizada de acordo com os materiais testados:<\/p>\n\n\n\n<ul class=\"wp-block-list\">\n<li><strong>A\u00e7o 1006 FF, 1008 FF e<\/strong>\u00a0<strong>1010 FF<\/strong>\u00a0(a\u00e7os doces)<\/li>\n\n\n\n<li><strong>A\u00e7o ASTM A36<\/strong><\/li>\n\n\n\n<li><strong>A\u00e7o Inox 304<\/strong><\/li>\n\n\n\n<li><strong>Alum\u00ednio<\/strong><\/li>\n<\/ul>\n\n\n\n<p>Al\u00e9m do\u00a0<strong>Raio Interno (Ri)<\/strong>\u00a0e do\u00a0<strong>Fator K<\/strong>, a tabela de fator k tamb\u00e9m apresenta par\u00e2metros adicionais como a\u00a0<strong>Dist\u00e2ncia m\u00ednima para colis\u00e3o (DD)<\/strong>, comprimento da\u00a0<strong>Borda C<\/strong>\u00a0e\u00a0<strong>Borda P<\/strong>, fundamentais para a elimina\u00e7\u00e3o do\u00a0<strong>efeito de borda<\/strong>\u00a0em chapas met\u00e1licas.<\/p>\n\n\n\n<p>\u00a0A tabela de fator k completa pode ser baixada em PDF atrav\u00e9s do link abaixo:<\/p>\n\n\n\n<p><a href=\"https:\/\/braffemam.com.br\/blog\/wp-content\/uploads\/2026\/01\/Tabela-de-Fator-K-para-Dobra.pdf\" data-type=\"link\" data-id=\"https:\/\/braffemam.com.br\/blog\/wp-content\/uploads\/2026\/01\/Tabela-de-Fator-K-para-Dobra.pdf\">Tabela de Fator K &#8211; Link do PDF<\/a><\/p>\n\n\n\n<p>Os setups de dobra mais recomendados est\u00e3o destacados em <strong>linhas verdes<\/strong> na tabela. Eles correspondem \u00e0s condi\u00e7\u00f5es que resultam em um raio interno menor e melhor acabamento visual da pe\u00e7a dobrada.<\/p>\n\n\n\n<h3 class=\"wp-block-heading\" id=\"tabela-com-as-principais-fator-k-para-dobras-90\"><strong>Tabela de fator k para dobras 90\u00b0<\/strong><\/h3>\n\n\n\n<figure class=\"wp-block-table is-style-stripes\"><table class=\"has-fixed-layout\" style=\"border-width:1px\"><thead><tr><th class=\"has-text-align-center\" data-align=\"center\">E<\/th><th class=\"has-text-align-center\" data-align=\"center\">Canal V<\/th><th class=\"has-text-align-center\" data-align=\"center\">Ri<\/th><th class=\"has-text-align-center\" data-align=\"center\">Fator K<\/th><\/tr><\/thead><tbody><tr><td class=\"has-text-align-center\" data-align=\"center\">0,8<\/td><td class=\"has-text-align-center\" data-align=\"center\">6<\/td><td class=\"has-text-align-center\" data-align=\"center\">0,8<\/td><td class=\"has-text-align-center\" data-align=\"center\">0,160<\/td><\/tr><tr><td class=\"has-text-align-center\" data-align=\"center\">1,0<\/td><td class=\"has-text-align-center\" data-align=\"center\">8<\/td><td class=\"has-text-align-center\" data-align=\"center\">0,8<\/td><td class=\"has-text-align-center\" data-align=\"center\">0,170<\/td><\/tr><tr><td class=\"has-text-align-center\" data-align=\"center\">1,2<\/td><td class=\"has-text-align-center\" data-align=\"center\">10<\/td><td class=\"has-text-align-center\" data-align=\"center\">1,3<\/td><td class=\"has-text-align-center\" data-align=\"center\">0,240<\/td><\/tr><tr><td class=\"has-text-align-center\" data-align=\"center\">1,9<\/td><td class=\"has-text-align-center\" data-align=\"center\">16<\/td><td class=\"has-text-align-center\" data-align=\"center\">2,9<\/td><td class=\"has-text-align-center\" data-align=\"center\">0,360<\/td><\/tr><tr><td class=\"has-text-align-center\" data-align=\"center\">2,25<\/td><td class=\"has-text-align-center\" data-align=\"center\">20<\/td><td class=\"has-text-align-center\" data-align=\"center\">2,8<\/td><td class=\"has-text-align-center\" data-align=\"center\">0,190<\/td><\/tr><tr><td class=\"has-text-align-center\" data-align=\"center\">2,65<\/td><td class=\"has-text-align-center\" data-align=\"center\">22<\/td><td class=\"has-text-align-center\" data-align=\"center\">1,9<\/td><td class=\"has-text-align-center\" data-align=\"center\">0,280<\/td><\/tr><tr><td class=\"has-text-align-center\" data-align=\"center\">3,0<\/td><td class=\"has-text-align-center\" data-align=\"center\">25<\/td><td class=\"has-text-align-center\" data-align=\"center\">2,0<\/td><td class=\"has-text-align-center\" data-align=\"center\">0,290<\/td><\/tr><tr><td class=\"has-text-align-center\" data-align=\"center\">3,75<\/td><td class=\"has-text-align-center\" data-align=\"center\">40<\/td><td class=\"has-text-align-center\" data-align=\"center\">4,0<\/td><td class=\"has-text-align-center\" data-align=\"center\">0,250<\/td><\/tr><tr><td class=\"has-text-align-center\" data-align=\"center\">4,75<\/td><td class=\"has-text-align-center\" data-align=\"center\">50<\/td><td class=\"has-text-align-center\" data-align=\"center\">6,5<\/td><td class=\"has-text-align-center\" data-align=\"center\">0,300<\/td><\/tr><tr><td class=\"has-text-align-center\" data-align=\"center\">6,35<\/td><td class=\"has-text-align-center\" data-align=\"center\">60<\/td><td class=\"has-text-align-center\" data-align=\"center\">8,5<\/td><td class=\"has-text-align-center\" data-align=\"center\">0,333<\/td><\/tr><\/tbody><\/table><\/figure>\n\n\n\n<p><\/p>\n\n\n\n<p>\u00c9 importante destacar que, nos desenhos t\u00e9cnicos das pe\u00e7as dobradas, deve sempre ser <strong>especificado o canal de dobra utilizado<\/strong>, pois esse par\u00e2metro influencia diretamente na forma\u00e7\u00e3o da aba e no resultado final da pe\u00e7a.<\/p>\n\n\n\n<p>Escritor: Pedro Kucarz<br>Mestre em Engenharia Mec\u00e2nica e de Materiais<br>Departamento de Engenharia Aplicada &#8211; Braffemam<\/p>\n\n\n\n<h2 class=\"wp-block-heading\" id=\"referencial-teorico\">Referencial Te\u00f3rico<\/h2>\n\n\n\n<blockquote class=\"wp-block-quote is-layout-flow wp-block-quote-is-layout-flow\">\n<p>STEPHAN, Andreas; N\u00c4HER, Friedrich; PAETZOLD, Heinz; HEINZLER, Max; GOMERINGER, Roland; KILGUS, Roland; OESTERLE, Stefan; FISCHER, Ulrich. <a href=\"https:\/\/www.blucher.com.br\/manual-de-tecnologia-metal-mecanica_9788521205944\" data-type=\"link\" data-id=\"https:\/\/www.blucher.com.br\/manual-de-tecnologia-metal-mecanica_9788521205944\" target=\"_blank\" rel=\"noopener\">Manual de Tecnologia Metal Mec\u00e2nica<\/a>. [S. l.]: Blucher, 2011.<\/p>\n\n\n\n<p>GAUSMANN, Francis. <a href=\"https:\/\/www.monografias.ufop.br\/bitstream\/35400000\/2167\/1\/MONOGRAFIA_An%C3%A1liseRetornoEl%C3%A1stico.pdf\" data-type=\"link\" data-id=\"https:\/\/www.monografias.ufop.br\/bitstream\/35400000\/2167\/1\/MONOGRAFIA_An%C3%A1liseRetornoEl%C3%A1stico.pdf\" target=\"_blank\" rel=\"noopener\">A influ\u00eancia da fibra neutra no desenvolvimento do planificad<\/a>o. 2017. 0\u201389 f. Universidade Regional do Noroeste do Estado do Rio Grande do Sul, 2017.<\/p>\n\n\n\n<p>KUCARZ, Pedro.<a href=\"https:\/\/repositorio.utfpr.edu.br\/jspui\/bitstream\/1\/34595\/1\/dobrasarraiodeslocamento.pdf\" data-type=\"link\" data-id=\"https:\/\/repositorio.utfpr.edu.br\/jspui\/bitstream\/1\/34595\/1\/dobrasarraiodeslocamento.pdf\" target=\"_blank\" rel=\"noopener\"> An\u00e1lise do deslocamento do pun\u00e7\u00e3o e sua influ\u00eancia no \u00e2ngulo interno de chapas dobradas ao ar<\/a>. Disserta\u00e7\u00e3o (Mestrado) \u2013 Universidade Tecnol\u00f3gica Federal do Paran\u00e1, Curitiba, 2024.<\/p>\n<\/blockquote>\n\n\n\n<p><\/p>\n","protected":false},"excerpt":{"rendered":"<p>Neste artigo, vamos apresentar uma Tabela de Fator K e Raio Interno (Ri) para dobras em chapas met\u00e1licas.<\/p>\n","protected":false},"author":1,"featured_media":1673,"comment_status":"open","ping_status":"open","sticky":false,"template":"","format":"standard","meta":{"_kad_post_transparent":"","_kad_post_title":"","_kad_post_layout":"","_kad_post_sidebar_id":"","_kad_post_content_style":"","_kad_post_vertical_padding":"","_kad_post_feature":"","_kad_post_feature_position":"","_kad_post_header":false,"_kad_post_footer":false,"_kad_post_classname":"","footnotes":""},"categories":[34],"tags":[42,41],"class_list":["post-1631","post","type-post","status-publish","format-standard","has-post-thumbnail","hentry","category-dobradeiras","tag-dobradeira","tag-dobras_ar"],"_links":{"self":[{"href":"https:\/\/braffemam.com.br\/blog\/wp-json\/wp\/v2\/posts\/1631","targetHints":{"allow":["GET"]}}],"collection":[{"href":"https:\/\/braffemam.com.br\/blog\/wp-json\/wp\/v2\/posts"}],"about":[{"href":"https:\/\/braffemam.com.br\/blog\/wp-json\/wp\/v2\/types\/post"}],"author":[{"embeddable":true,"href":"https:\/\/braffemam.com.br\/blog\/wp-json\/wp\/v2\/users\/1"}],"replies":[{"embeddable":true,"href":"https:\/\/braffemam.com.br\/blog\/wp-json\/wp\/v2\/comments?post=1631"}],"version-history":[{"count":6,"href":"https:\/\/braffemam.com.br\/blog\/wp-json\/wp\/v2\/posts\/1631\/revisions"}],"predecessor-version":[{"id":1675,"href":"https:\/\/braffemam.com.br\/blog\/wp-json\/wp\/v2\/posts\/1631\/revisions\/1675"}],"wp:featuredmedia":[{"embeddable":true,"href":"https:\/\/braffemam.com.br\/blog\/wp-json\/wp\/v2\/media\/1673"}],"wp:attachment":[{"href":"https:\/\/braffemam.com.br\/blog\/wp-json\/wp\/v2\/media?parent=1631"}],"wp:term":[{"taxonomy":"category","embeddable":true,"href":"https:\/\/braffemam.com.br\/blog\/wp-json\/wp\/v2\/categories?post=1631"},{"taxonomy":"post_tag","embeddable":true,"href":"https:\/\/braffemam.com.br\/blog\/wp-json\/wp\/v2\/tags?post=1631"}],"curies":[{"name":"wp","href":"https:\/\/api.w.org\/{rel}","templated":true}]}}